{"id":1963,"date":"2023-02-06T18:08:26","date_gmt":"2023-02-06T16:08:26","guid":{"rendered":"https:\/\/bodhivita.cat\/sin-categorizar\/paralisis-facial-en-adultos-fisioterapia-neurologica\/"},"modified":"2025-12-15T12:59:56","modified_gmt":"2025-12-15T10:59:56","slug":"paralisis-facial-en-adultos-fisioterapia-neurologica","status":"publish","type":"post","link":"https:\/\/bodhivita.cat\/es\/paralisis-facial-en-adultos-fisioterapia-neurologica\/","title":{"rendered":"Par\u00e1lisis facial en adultos: Fisioterapia neurol\u00f3gica"},"content":{"rendered":"\n<p>La par\u00e1lisis facial perif\u00e9rica es un problema cl\u00ednico relativamente frecuente que consiste en la debilidad de la mitad de la musculatura de la cara a consecuencia de una lesi\u00f3n del nervio facial.<\/p>\n\n<p>En este art\u00edculo te explicaremos los tipos de par\u00e1lisis facial que existen y como podemos llegar a tratarlas con las t\u00e9cnicas troncales de la fisioterapia neurol\u00f3gica. <\/p>\n\n<p>En Bodhivita, <a href=\"https:\/\/bodhivita.cat\/es\/fisioterapia-neurologica\/\" target=\"_blank\" rel=\"noreferrer noopener\">fisioterapeutas especializados en neurolog\u00eda<\/a> en Sant Andreu (Barcelona), abordamos cada caso con un tratamiento personalizado y basado en la evidencia.<\/p>\n\n<h2 class=\"wp-block-heading\"><strong>S\u00edntomas generales:<\/strong><\/h2>\n\n<p>La par\u00e1lisis facial puede ser originada por diferentes motivos y puede ser causa de diferentes problemas previos. Por esa raz\u00f3n, los s\u00edntomas pueden ser muy diversos. Aparte, tambi\u00e9n variar\u00e1 dependiendo del grado de la lesi\u00f3n. Igualmente, podemos enumerar algunos de los s\u00edntomas comunes que tiene la par\u00e1lisis facial como son:<\/p>\n\n<ul class=\"wp-block-list\">\n<li>Ausencia de movilidad voluntaria de los m\u00fasculos de una mitad de la cara contraria al nervio facial lesionado.<\/li>\n\n\n\n<li>Desaparecen las arrugas de la frente.<\/li>\n\n\n\n<li>Incapacidad de levantar la ceja y cerrar el ojo.<\/li>\n\n\n\n<li>Ca\u00edda de la comisura labial.<\/li>\n\n\n\n<li>El paciente no puede soplar, silbar o hinchar.<\/li>\n\n\n\n<li>Tiene una ausencia o exceso de l\u00e1grimas y saliva.<\/li>\n\n\n\n<li>Muestra sequedad o hipersecreci\u00f3n en la boca y en el ojo.<\/li>\n\n\n\n<li>Puede sufrir dolor en la cara, o\u00edda y detr\u00e1s de esta.<\/li>\n\n\n\n<li>Alteraci\u00f3n del gusto (sabor met\u00e1lico)<\/li>\n\n\n\n<li>El paciente tiene dificultades para hablar, comer o beber. <\/li>\n\n\n\n<li>Otras manifestaciones sensitivas y de la percepci\u00f3n.<\/li>\n<\/ul>\n\n<p>Si notas alguno de estos s\u00edntomas, es fundamental actuar en breve. Reserva tu primera sesi\u00f3n de valoraci\u00f3n en Bodhivita y d\u00e9jate asesorar por nuestro equipo de fisioterapeutas neurol\u00f3gicos en Sant Andreu (Barcelona). <\/p>\n\n<h2 class=\"wp-block-heading\"><strong>Tipos principales de par\u00e1lisis facial:<\/strong><\/h2>\n\n<p>Es importante saber que el ser humano tiene 2 nervios faciales, uno a cada lado de la cara y que normalmente la par\u00e1lisis solo afecta a uno de los dos lados. <\/p>\n\n<p>Por tanto existe:<\/p>\n\n<h3 class=\"wp-block-heading\">La par\u00e1lisis facial central<\/h3>\n\n<p>Se podr\u00e1 ver una debilidad de la mitad inferior de un lado de la cara (boca y mejilla). En el caso de sufrir un Ictus, suele ser una de las consecuencias m\u00e1s habituales. <\/p>\n\n<h3 class=\"wp-block-heading\">La par\u00e1lisis facial perif\u00e9rica <\/h3>\n\n<p>La m\u00e1s com\u00fan de las dos y en la que nos centraremos en este art\u00edculo donde se aprecia la debilidad de una mitad de la cara. <\/p>\n\n<p>Dentro de este tipo de par\u00e1lisis podemos encontrar diferentes afectaciones de la enfermedad:<\/p>\n\n<h4 class=\"wp-block-heading\">1- 40% par\u00e1lisis facial de bell o idiop\u00e1tica<\/h4>\n\n<ul class=\"wp-block-list\">\n<li>Incidencia de 23 casos por cada 100.000 al a\u00f1o.<\/li>\n\n\n\n<li>No tiene preferencia clara por ning\u00fan sexo y aparece habitualmente entre los 18 y los 50 a\u00f1os. <\/li>\n\n\n\n<li>Su origen es desconocido, pero, se atribuye a la mala circulaci\u00f3n de la sangre, una infecci\u00f3n del nervio por un virus o problemas inmunol\u00f3gicos. En definitiva, se origina por la inflamaci\u00f3n del nervio facial de una forma brusca y aguda, siendo las primeras 48 horas las m\u00e1s importantes para actuar, porque de esto depender\u00e1 una recuperaci\u00f3n favorable. <\/li>\n\n\n\n<li>La recuperaci\u00f3n completa de esta afectaci\u00f3n se suele dar entre 1 y 6 meses en el 80% de los casos y se manifiesta con un dolor retroauricular, debido a los m\u00fasculos de la expresi\u00f3n.<\/li>\n<\/ul>\n\n<h4 class=\"wp-block-heading\">2- 25% de origen traum\u00e1tico.<\/h4>\n\n<ul class=\"wp-block-list\">\n<li>Suele aparecer a consecuencia de un TCE (Traumatismo Cr\u00e1neo Encef\u00e1lico) donde se puede producir una fractura del hueso temporal, provocando que aparezca la par\u00e1lisis.<\/li>\n<\/ul>\n\n<h4 class=\"wp-block-heading\">3- 7% par\u00e1lisis facial Herpes Zoster OTICO.<\/h4>\n\n<ul class=\"wp-block-list\">\n<li>El herpes infecta el nervio provocando un proceso inflamatorio y se observa en el paciente la debilidad de los m\u00fasculos de la cara, pero tambi\u00e9n puede presentarse en otros puntos del cuerpo como el cuello o la mucosa bocal. <\/li>\n\n\n\n<li>Suele aparecer de forma brusca.<\/li>\n\n\n\n<li>Menos del 80% de los pacientes con esta afectaci\u00f3n de la par\u00e1lisis facial se recupera sin ning\u00fan tipo de secuela. <\/li>\n\n\n\n<li>Puede coexistir con s\u00edntomas como la hipoacusia o el v\u00e9rtigo.<\/li>\n<\/ul>\n\n<h4 class=\"wp-block-heading\">4- Afectaci\u00f3n por otitis.<\/h4>\n\n<ul class=\"wp-block-list\">\n<li>Es un tipo de par\u00e1lisis facial poco frecuente y de r\u00e1pida recuperaci\u00f3n con antibi\u00f3ticos. <\/li>\n<\/ul>\n\n<h4 class=\"wp-block-heading\">5- 13% tumoral.<\/h4>\n\n<ul class=\"wp-block-list\">\n<li>Se desarrolla de forma m\u00e1s lenta, originando dolores de cabeza, convulsiones e hipoacusia. <\/li>\n<\/ul>\n\n<h4 class=\"wp-block-heading\">6- Otras afectaciones.<\/h4>\n\n<p>Tambi\u00e9n existe la par\u00e1lisis facial causada por un s\u00edndrome o enfermedad neurol\u00f3gica. <\/p>\n\n<h2 class=\"wp-block-heading\"><strong>\u00bfSe puede prevenir?<\/strong><\/h2>\n\n<p>No en todos los casos se puede prevenir esta enfermedad, pero si hay medidas que pueden servir de ayuda como:<\/p>\n\n<ol class=\"wp-block-list\">\n<li>Evitar cambios de temperatura bruscos. <\/li>\n\n\n\n<li>Si estamos en contacto con animales, ser\u00e1 importante desparasitarlos para evitar contagiarnos de la enfermedad de Lyme, transmitida por la picadura de garrapatas y relacionada con la par\u00e1lisis facial.<\/li>\n\n\n\n<li>Tener relaciones sexuales con protecci\u00f3n para evitar el Herpes simple, ya que tambi\u00e9n puede generar par\u00e1lisis facial.<\/li>\n<\/ol>\n\n<p>En casos como tumores, otitis o otras enfermedades neurol\u00f3gicas, no podremos realizar ninguna prevenci\u00f3n espec\u00edfica. <\/p>\n\n<p>El tratamiento precoz puede marcar gran diferencia en la recuperaci\u00f3n. En Bodhivita combinamos conocimiento cl\u00ednico y tratamiento humano para ayudarte a recuperar la funcionalidad facial paso a paso. <\/p>\n\n<h2 class=\"wp-block-heading\"><strong>\u00bfC\u00f3mo trabajamos la par\u00e1lisis facial?<\/strong><\/h2>\n\n<p>A Bodhivita trabajamos con un tratamiento desde el punto de vista neurocognitivo que se divide en 3 fases:<\/p>\n\n<ol class=\"wp-block-list\">\n<li>Fase I: evitamos ejercicios que supongan contracci\u00f3n voluntaria.<\/li>\n\n\n\n<li>Fase II: se inician progresivamente ejercicios que pueden requerir contracciones musculares.<\/li>\n\n\n\n<li>Fase III: se ayuda al paciente a restaurar la m\u00edmica espont\u00e1nea.<\/li>\n<\/ol>\n\n<p><\/p>\n\n<p><a href=\"https:\/\/connect.timp.pro\/centers\/4879-bodhivita\">Reserva tu primera sesi\u00f3n<\/a> en Bodhivita, tu centro especializado en fisioterapia neurol\u00f3gica en Sant Andreu (Barcelona).<\/p>\n","protected":false},"excerpt":{"rendered":"<p>La par\u00e1lisis facial perif\u00e9rica es un problema cl\u00ednico relativamente frecuente que consiste en la debilidad de la mitad de la musculatura de la cara a consecuencia de una lesi\u00f3n del nervio facial. En este art\u00edculo te explicaremos los tipos de par\u00e1lisis facial que existen y como podemos llegar a tratarlas con las t\u00e9cnicas troncales de [&hellip;]<\/p>\n","protected":false},"author":9,"featured_media":1822,"comment_status":"open","ping_status":"closed","sticky":false,"template":"","format":"standard","meta":{"_monsterinsights_skip_tracking":false,"_monsterinsights_sitenote_active":false,"_monsterinsights_sitenote_note":"","_monsterinsights_sitenote_category":0,"_joinchat":[],"footnotes":""},"categories":[210],"tags":[393,394,283,390,391,388,389,392],"class_list":["post-1963","post","type-post","status-publish","format-standard","has-post-thumbnail","hentry","category-fisioterapia","tag-afectacion-del-nervio-facial","tag-fisioterapeutas-neurologicos-sant-andreu","tag-fisioterapia-neurologica","tag-musculatura-facial","tag-paralisis-de-bello","tag-paralisis-facial","tag-paralisis-facial-periferica","tag-rehabilitacion-facial"],"yoast_head":"<!-- This site is optimized with the Yoast SEO plugin v27.5 - https:\/\/yoast.com\/product\/yoast-seo-wordpress\/ -->\n<title>Par\u00e1lisis facial en adultos: fisioterapia neurol\u00f3gica en Sant Andreu | Bodhivita<\/title>\n<meta name=\"description\" content=\"Que es la par\u00e1lisis facial, qu\u00e9 s\u00edntomas presenta y c\u00f3mo se puede tratar con fisioterapia neurol\u00f3gica. Te lo contamos paso a paso en este art\u00edculo.\" \/>\n<meta name=\"robots\" content=\"index, follow, max-snippet:-1, max-image-preview:large, max-video-preview:-1\" \/>\n<link rel=\"canonical\" href=\"https:\/\/bodhivita.cat\/es\/paralisis-facial-en-adultos-fisioterapia-neurologica\/\" \/>\n<meta property=\"og:locale\" content=\"es_ES\" \/>\n<meta property=\"og:type\" content=\"article\" \/>\n<meta property=\"og:title\" content=\"Par\u00e1lisis facial en adultos: fisioterapia neurol\u00f3gica en Sant Andreu | Bodhivita\" \/>\n<meta property=\"og:description\" content=\"Que es la par\u00e1lisis facial, qu\u00e9 s\u00edntomas presenta y c\u00f3mo se puede tratar con fisioterapia neurol\u00f3gica. Te lo contamos paso a paso en este art\u00edculo.\" \/>\n<meta property=\"og:url\" content=\"https:\/\/bodhivita.cat\/es\/paralisis-facial-en-adultos-fisioterapia-neurologica\/\" \/>\n<meta property=\"og:site_name\" content=\"Fisioterapeutes i Oste\u00f2pates a Sant Andreu (Barcelona) | Bodhivita\" \/>\n<meta property=\"article:publisher\" content=\"https:\/\/www.facebook.com\/bodhivita\/\" \/>\n<meta property=\"article:published_time\" content=\"2023-02-06T16:08:26+00:00\" \/>\n<meta property=\"article:modified_time\" content=\"2025-12-15T10:59:56+00:00\" \/>\n<meta property=\"og:image\" content=\"https:\/\/bodhivita.cat\/wp-content\/uploads\/2022\/10\/cinema-4d-rendering-of-human-head-nerves-scaled.jpg\" \/>\n\t<meta property=\"og:image:width\" content=\"2560\" \/>\n\t<meta property=\"og:image:height\" content=\"1629\" \/>\n\t<meta property=\"og:image:type\" content=\"image\/jpeg\" \/>\n<meta name=\"author\" content=\"Cristina Alonso\" \/>\n<meta name=\"twitter:card\" content=\"summary_large_image\" \/>\n<meta name=\"twitter:label1\" content=\"Escrito por\" \/>\n\t<meta name=\"twitter:data1\" content=\"Cristina Alonso\" \/>\n\t<meta name=\"twitter:label2\" content=\"Tiempo de lectura\" \/>\n\t<meta name=\"twitter:data2\" content=\"5 minutos\" \/>\n<!-- \/ Yoast SEO plugin. -->","yoast_head_json":{"title":"Par\u00e1lisis facial en adultos: fisioterapia neurol\u00f3gica en Sant Andreu | Bodhivita","description":"Que es la par\u00e1lisis facial, qu\u00e9 s\u00edntomas presenta y c\u00f3mo se puede tratar con fisioterapia neurol\u00f3gica. Te lo contamos paso a paso en este art\u00edculo.","robots":{"index":"index","follow":"follow","max-snippet":"max-snippet:-1","max-image-preview":"max-image-preview:large","max-video-preview":"max-video-preview:-1"},"canonical":"https:\/\/bodhivita.cat\/es\/paralisis-facial-en-adultos-fisioterapia-neurologica\/","og_locale":"es_ES","og_type":"article","og_title":"Par\u00e1lisis facial en adultos: fisioterapia neurol\u00f3gica en Sant Andreu | Bodhivita","og_description":"Que es la par\u00e1lisis facial, qu\u00e9 s\u00edntomas presenta y c\u00f3mo se puede tratar con fisioterapia neurol\u00f3gica. Te lo contamos paso a paso en este art\u00edculo.","og_url":"https:\/\/bodhivita.cat\/es\/paralisis-facial-en-adultos-fisioterapia-neurologica\/","og_site_name":"Fisioterapeutes i Oste\u00f2pates a Sant Andreu (Barcelona) | Bodhivita","article_publisher":"https:\/\/www.facebook.com\/bodhivita\/","article_published_time":"2023-02-06T16:08:26+00:00","article_modified_time":"2025-12-15T10:59:56+00:00","og_image":[{"width":2560,"height":1629,"url":"https:\/\/bodhivita.cat\/wp-content\/uploads\/2022\/10\/cinema-4d-rendering-of-human-head-nerves-scaled.jpg","type":"image\/jpeg"}],"author":"Cristina Alonso","twitter_card":"summary_large_image","twitter_misc":{"Escrito por":"Cristina Alonso","Tiempo de lectura":"5 minutos"},"schema":{"@context":"https:\/\/schema.org","@graph":[{"@type":"Article","@id":"https:\/\/bodhivita.cat\/es\/paralisis-facial-en-adultos-fisioterapia-neurologica\/#article","isPartOf":{"@id":"https:\/\/bodhivita.cat\/es\/paralisis-facial-en-adultos-fisioterapia-neurologica\/"},"author":{"name":"Cristina Alonso","@id":"https:\/\/bodhivita.cat\/#\/schema\/person\/8bf6d3d73ee247f254ef85660e18c390"},"headline":"Par\u00e1lisis facial en adultos: Fisioterapia neurol\u00f3gica","datePublished":"2023-02-06T16:08:26+00:00","dateModified":"2025-12-15T10:59:56+00:00","mainEntityOfPage":{"@id":"https:\/\/bodhivita.cat\/es\/paralisis-facial-en-adultos-fisioterapia-neurologica\/"},"wordCount":938,"commentCount":0,"publisher":{"@id":"https:\/\/bodhivita.cat\/#organization"},"image":{"@id":"https:\/\/bodhivita.cat\/es\/paralisis-facial-en-adultos-fisioterapia-neurologica\/#primaryimage"},"thumbnailUrl":"https:\/\/bodhivita.cat\/wp-content\/uploads\/2022\/10\/cinema-4d-rendering-of-human-head-nerves-scaled.jpg","keywords":["afectaci\u00f3n del nervio facial","fisioterapeutas neurol\u00f3gicos sant andreu","fisioterapia neurol\u00f3gica","musculatura facial","par\u00e1lisis de bello","par\u00e1lisis facial","par\u00e1lisis facial perif\u00e9rica","rehabilitaci\u00f3n facial"],"articleSection":["Fisioterapia"],"inLanguage":"es","potentialAction":[{"@type":"CommentAction","name":"Comment","target":["https:\/\/bodhivita.cat\/es\/paralisis-facial-en-adultos-fisioterapia-neurologica\/#respond"]}]},{"@type":"WebPage","@id":"https:\/\/bodhivita.cat\/es\/paralisis-facial-en-adultos-fisioterapia-neurologica\/","url":"https:\/\/bodhivita.cat\/es\/paralisis-facial-en-adultos-fisioterapia-neurologica\/","name":"Par\u00e1lisis facial en adultos: fisioterapia neurol\u00f3gica en Sant Andreu | Bodhivita","isPartOf":{"@id":"https:\/\/bodhivita.cat\/#website"},"primaryImageOfPage":{"@id":"https:\/\/bodhivita.cat\/es\/paralisis-facial-en-adultos-fisioterapia-neurologica\/#primaryimage"},"image":{"@id":"https:\/\/bodhivita.cat\/es\/paralisis-facial-en-adultos-fisioterapia-neurologica\/#primaryimage"},"thumbnailUrl":"https:\/\/bodhivita.cat\/wp-content\/uploads\/2022\/10\/cinema-4d-rendering-of-human-head-nerves-scaled.jpg","datePublished":"2023-02-06T16:08:26+00:00","dateModified":"2025-12-15T10:59:56+00:00","description":"Que es la par\u00e1lisis facial, qu\u00e9 s\u00edntomas presenta y c\u00f3mo se puede tratar con fisioterapia neurol\u00f3gica. Te lo contamos paso a paso en este art\u00edculo.","breadcrumb":{"@id":"https:\/\/bodhivita.cat\/es\/paralisis-facial-en-adultos-fisioterapia-neurologica\/#breadcrumb"},"inLanguage":"es","potentialAction":[{"@type":"ReadAction","target":["https:\/\/bodhivita.cat\/es\/paralisis-facial-en-adultos-fisioterapia-neurologica\/"]}]},{"@type":"ImageObject","inLanguage":"es","@id":"https:\/\/bodhivita.cat\/es\/paralisis-facial-en-adultos-fisioterapia-neurologica\/#primaryimage","url":"https:\/\/bodhivita.cat\/wp-content\/uploads\/2022\/10\/cinema-4d-rendering-of-human-head-nerves-scaled.jpg","contentUrl":"https:\/\/bodhivita.cat\/wp-content\/uploads\/2022\/10\/cinema-4d-rendering-of-human-head-nerves-scaled.jpg","width":2560,"height":1629,"caption":"Human head nerves"},{"@type":"BreadcrumbList","@id":"https:\/\/bodhivita.cat\/es\/paralisis-facial-en-adultos-fisioterapia-neurologica\/#breadcrumb","itemListElement":[{"@type":"ListItem","position":1,"name":"Portada","item":"https:\/\/bodhivita.cat\/es\/inici\/"},{"@type":"ListItem","position":2,"name":"Par\u00e1lisis facial en adultos: Fisioterapia neurol\u00f3gica"}]},{"@type":"WebSite","@id":"https:\/\/bodhivita.cat\/#website","url":"https:\/\/bodhivita.cat\/","name":"BODHIVITA, fisioterapeutes, oste\u00f2pates i ter\u00e0pies natuals a Sant Andreu (Barcelona)","description":"Tractaments de fisioter\u00e0pia, osteopatia, acupuntura i nutrici\u00f3 a Sant Andreu (Barcelona). Salut integrativa amb professionals especialitzats.","publisher":{"@id":"https:\/\/bodhivita.cat\/#organization"},"alternateName":"BODHIVITA, fisioterapeutes, oste\u00f2pates i ter\u00e0pies natuals a Sant Andreu (Barcelona)","potentialAction":[{"@type":"SearchAction","target":{"@type":"EntryPoint","urlTemplate":"https:\/\/bodhivita.cat\/?s={search_term_string}"},"query-input":{"@type":"PropertyValueSpecification","valueRequired":true,"valueName":"search_term_string"}}],"inLanguage":"es"},{"@type":"Organization","@id":"https:\/\/bodhivita.cat\/#organization","name":"Fisioter\u00e0pia, osteopatia i ter\u00e0pies naturals a Sant Andreu, Barcelona | BodhiVita","url":"https:\/\/bodhivita.cat\/","logo":{"@type":"ImageObject","inLanguage":"es","@id":"https:\/\/bodhivita.cat\/#\/schema\/logo\/image\/","url":"https:\/\/bodhivita.cat\/wp-content\/uploads\/2019\/06\/cropped-bodhivita-web-1.png","contentUrl":"https:\/\/bodhivita.cat\/wp-content\/uploads\/2019\/06\/cropped-bodhivita-web-1.png","width":512,"height":512,"caption":"Fisioter\u00e0pia, osteopatia i ter\u00e0pies naturals a Sant Andreu, Barcelona | BodhiVita"},"image":{"@id":"https:\/\/bodhivita.cat\/#\/schema\/logo\/image\/"},"sameAs":["https:\/\/www.facebook.com\/bodhivita\/","https:\/\/www.instagram.com\/bodhivita"]},{"@type":"Person","@id":"https:\/\/bodhivita.cat\/#\/schema\/person\/8bf6d3d73ee247f254ef85660e18c390","name":"Cristina Alonso","image":{"@type":"ImageObject","inLanguage":"es","@id":"https:\/\/secure.gravatar.com\/avatar\/91c8358854b9d24f5169171e538118723415c8b74c2be7e6a9d4b16a75426b44?s=96&d=mm&r=g","url":"https:\/\/secure.gravatar.com\/avatar\/91c8358854b9d24f5169171e538118723415c8b74c2be7e6a9d4b16a75426b44?s=96&d=mm&r=g","contentUrl":"https:\/\/secure.gravatar.com\/avatar\/91c8358854b9d24f5169171e538118723415c8b74c2be7e6a9d4b16a75426b44?s=96&d=mm&r=g","caption":"Cristina Alonso"},"description":"Fisioterapia neurol\u00f2gica Bodhivita. Sant Andreu (Barcelona)","sameAs":["http:\/\/bodhivita.cat\/fisioterapia-neurologica"],"url":"https:\/\/bodhivita.cat\/es\/author\/cristina-alonso\/"}]}},"_links":{"self":[{"href":"https:\/\/bodhivita.cat\/es\/wp-json\/wp\/v2\/posts\/1963","targetHints":{"allow":["GET"]}}],"collection":[{"href":"https:\/\/bodhivita.cat\/es\/wp-json\/wp\/v2\/posts"}],"about":[{"href":"https:\/\/bodhivita.cat\/es\/wp-json\/wp\/v2\/types\/post"}],"author":[{"embeddable":true,"href":"https:\/\/bodhivita.cat\/es\/wp-json\/wp\/v2\/users\/9"}],"replies":[{"embeddable":true,"href":"https:\/\/bodhivita.cat\/es\/wp-json\/wp\/v2\/comments?post=1963"}],"version-history":[{"count":4,"href":"https:\/\/bodhivita.cat\/es\/wp-json\/wp\/v2\/posts\/1963\/revisions"}],"predecessor-version":[{"id":3520,"href":"https:\/\/bodhivita.cat\/es\/wp-json\/wp\/v2\/posts\/1963\/revisions\/3520"}],"wp:featuredmedia":[{"embeddable":true,"href":"https:\/\/bodhivita.cat\/es\/wp-json\/wp\/v2\/media\/1822"}],"wp:attachment":[{"href":"https:\/\/bodhivita.cat\/es\/wp-json\/wp\/v2\/media?parent=1963"}],"wp:term":[{"taxonomy":"category","embeddable":true,"href":"https:\/\/bodhivita.cat\/es\/wp-json\/wp\/v2\/categories?post=1963"},{"taxonomy":"post_tag","embeddable":true,"href":"https:\/\/bodhivita.cat\/es\/wp-json\/wp\/v2\/tags?post=1963"}],"curies":[{"name":"wp","href":"https:\/\/api.w.org\/{rel}","templated":true}]}}