{"id":2022,"date":"2023-02-15T18:18:00","date_gmt":"2023-02-15T16:18:00","guid":{"rendered":"https:\/\/bodhivita.cat\/sin-categorizar\/ataxia-com-tractar-la-amb-fisioterapia-neurologica\/"},"modified":"2025-12-15T12:25:32","modified_gmt":"2025-12-15T10:25:32","slug":"ataxia-com-tractar-la-amb-fisioterapia-neurologica","status":"publish","type":"post","link":"https:\/\/bodhivita.cat\/es\/ataxia-com-tractar-la-amb-fisioterapia-neurologica\/","title":{"rendered":"Ataxia: s\u00edntomas, causas y tratamiento con fisioterapia neurol\u00f3gica"},"content":{"rendered":"\n<blockquote class=\"wp-block-quote is-layout-flow wp-block-quote-is-layout-flow\">\n<p><\/p>\n<\/blockquote>\n\n<p>La ataxia es un trastorno neurol\u00f3gico que se caracteriza por la falta de coordinaci\u00f3n muscular y la dificultad para realizar movimientos precisos y controlados.<\/p>\n\n<p>Esta afecci\u00f3n est\u00e1 relacionada con una disfunci\u00f3n en el cerebelo, una estructura del sistema nervioso central encargada de la coordinaci\u00f3n y el control motor.<\/p>\n\n<p>Sigue leyendo para entender qu\u00e9 es y c\u00f3mo tratarla con fisioterapia neurol\u00f3gica.<\/p>\n\n<h2 class=\"wp-block-heading\">El papel del cerebelo en el control motor y el equilibrio<\/h2>\n\n<p>El cerebelo es una estructura ubicada en la parte posterior del cerebro, bajo el cerebro occipital. Su principal funci\u00f3n es integrar la informaci\u00f3n sensorial para controlar la coordinaci\u00f3n, el equilibrio y el movimiento preciso. A trav\u00e9s de las conexiones neuronales, el cerebelo recibe informaci\u00f3n proprioceptiva y exteroceptiva de los m\u00fasculos, tendones, articulaciones y la piel, as\u00ed como informaci\u00f3n visual y auditiva. Esta informaci\u00f3n se procesa para controlar la fuerza, velocidad y direcci\u00f3n de los movimientos.<\/p>\n\n<p>Es el encargado de comprobar el tono y el timing necesario y almacenar patrones \u00f3ptimos de movimientos fragmentarlos y selectivos, por tanto, tambi\u00e9n tiene una funci\u00f3n muy importante en los mecanismos de aprendizaje.<\/p>\n\n<p>Adem\u00e1s, otra de sus funciones m\u00e1s importantes es la de proporcionar o recuperar el equilibrio, ya que llega a trav\u00e9s de fibras r\u00e1pidas informaci\u00f3n visual, del laberinto en la oreja interna, de los receptores de presi\u00f3n plantar.<\/p>\n\n<h2 class=\"wp-block-heading\">\u00bfQu\u00e9 s\u00edntomas sufren las personas con lesiones del cerebelo y ataxia?<\/h2>\n\n<p>En personas con lesiones del cerebelo y ataxia observamos como en el intento de corregirlo desde el c\u00f3rtex, existe una respuesta m\u00e1s irregular y lenta con aumento de tono brusco y en un patr\u00f3n total.<\/p>\n\n<p>El tono postural de las personas con ataxia es bajo, aunque el principal problema es la dificultad de control alterna de m\u00fasculos agonistas y antagonistas, junto con la falta de control inhibitorio en la respuesta.<\/p>\n\n<p>Encara que l&#8217;at\u00e0xia m\u00e9s coneguda \u00e9s la de Friedreich, n&#8217;hi ha moltes m\u00e9s. Por lo general, en la cl\u00ednica encontramos personas con movimientos at\u00e1xicos debido a otras causas como EM, TCE, polineuropat\u00eda, tumores, abuso de medicamentos, alcohol y otras drogas.<\/p>\n\n<p>Algunos de sus signos cl\u00ednicos son:<\/p>\n\n<ul class=\"wp-block-list\">\n<li>Temblor en reposo en el intento de mantener la postura<\/li>\n\n\n\n<li>Temblor intencional<\/li>\n\n\n\n<li>Fen\u00f3meno de rebote +<\/li>\n\n\n\n<li>Dismetr\u00eda<\/li>\n\n\n\n<li>Disdiadococinesia<\/li>\n\n\n\n<li>Trastorno al control postural y equilibrio<\/li>\n\n\n\n<li>Disartria y respiraci\u00f3n arr\u00edtmica<\/li>\n\n\n\n<li>Nistagmo<\/li>\n<\/ul>\n\n<p>Trabajar estos s\u00edntomas desde la fisioterapia neurol\u00f3gica puede mejorar la movilidad y reducir el impacto funcional de la ataxia en el d\u00eda a d\u00eda.<br\/>\ud83d\udccd Estamos en el barrio de Sant Andreu y te ofrecemos un acompa\u00f1amiento profesional y cercano.<\/p>\n\n<h2 class=\"wp-block-heading\">Tratamiento de la ataxia con fisioterapia neurol\u00f3gica en Bodhivita<\/h2>\n\n<ul class=\"wp-block-list\">\n<li>Tono postural<\/li>\n\n\n\n<li>Facilitar la inervaci\u00f3n rec\u00edproca (para permitir una acci\u00f3n unos m\u00fasculos se contraen y otros se relajan, coordinaci\u00f3n entre extremidades, hemicuerpos\u2026)<\/li>\n\n\n\n<li>Trabajar la coordinaci\u00f3n espacial y temporal en los componentes de un movimiento<\/li>\n\n\n\n<li>Mejorar estrategias de equilibrio<\/li>\n\n\n\n<li>Evitar fijaciones\/compensaciones<\/li>\n\n\n\n<li>Incluir la respiraci\u00f3n en nuestro trabajo<\/li>\n<\/ul>\n\n<p>En la mayor\u00eda de los casos, los s\u00edntomas de la ataxia suelen tener una evoluci\u00f3n progresiva y pueden aparecer en cualquier etapa de la vida.<\/p>\n\n<p>Es importante empezar a trabajar en cada objetivo cuanto antes para conseguir un resultado \u00f3ptimo y mejorar la calidad de vida del afectado.<\/p>\n\n<p>\u00bfQuieres acudir a una primera sesi\u00f3n de valoraci\u00f3n? Pide cita en el <a href=\"tel:+34661457837\" target=\"_blank\" rel=\"noreferrer noopener\">661 45 78 37<\/a> , enviando un correo electr\u00f3nico a <a href=\"mailto:santandreu@bodhivita.cat\" target=\"_blank\" rel=\"noreferrer noopener\">santandreu@bodhivita.cat<\/a> o <a href=\"https:\/\/bodhivita.cat\/es\/contacte\/\" target=\"_blank\" rel=\"noreferrer noopener\">rellenando el formulario<\/a> .<\/p>\n\n<p><\/p>\n","protected":false},"excerpt":{"rendered":"<p>La ataxia es un trastorno neurol\u00f3gico que se caracteriza por la falta de coordinaci\u00f3n muscular y la dificultad para realizar movimientos precisos y controlados. Esta afecci\u00f3n est\u00e1 relacionada con una disfunci\u00f3n en el cerebelo, una estructura del sistema nervioso central encargada de la coordinaci\u00f3n y el control motor. Sigue leyendo para entender qu\u00e9 es y [&hellip;]<\/p>\n","protected":false},"author":9,"featured_media":2019,"comment_status":"open","ping_status":"closed","sticky":false,"template":"","format":"standard","meta":{"_monsterinsights_skip_tracking":false,"_monsterinsights_sitenote_active":false,"_monsterinsights_sitenote_note":"","_monsterinsights_sitenote_category":0,"_joinchat":[],"footnotes":""},"categories":[210],"tags":[467,469,468,470,471,473,477,475,458,283,464,466,476,457,449,278,465,472,456,474,478],"class_list":["post-2022","post","type-post","status-publish","format-standard","has-post-thumbnail","hentry","category-fisioterapia","tag-ataxia","tag-ataxia-cerebelosa","tag-ataxia-neurologica","tag-ataxia-sensorial","tag-ataxia-vestibular","tag-causas-ataxia","tag-control-postural","tag-equilibrio","tag-fisioterapia-especializada","tag-fisioterapia-neurologica","tag-fisioterapia-neurologica-san-andreo","tag-fisioterapia-sant-andreu-barcelona","tag-marcha","tag-neurologia","tag-neurorehabilitacion","tag-rehabilitacion-neurologica","tag-rehabilitacion-neurologica-san-andreo","tag-sintomas-ataxia","tag-sistema-nervioso-central","tag-trastornos-de-la-coordinacion","tag-tratamiento-ataxia"],"yoast_head":"<!-- This site is optimized with the Yoast SEO plugin v27.5 - https:\/\/yoast.com\/product\/yoast-seo-wordpress\/ -->\n<title>Tratamiento de la ataxia con fisioterapia neurol\u00f3gica en Sant Andreu | Bodhivita<\/title>\n<meta name=\"description\" content=\"Los s\u00edntomas de la ataxia suelen tener una evoluci\u00f3n progresiva y pueden aparecer en cualquier etapa de la vida. Conoce c\u00f3mo tratar la ataxia con fisioterapia.\" \/>\n<meta name=\"robots\" content=\"index, follow, max-snippet:-1, max-image-preview:large, max-video-preview:-1\" \/>\n<link rel=\"canonical\" href=\"https:\/\/bodhivita.cat\/es\/ataxia-com-tractar-la-amb-fisioterapia-neurologica\/\" \/>\n<meta property=\"og:locale\" content=\"es_ES\" \/>\n<meta property=\"og:type\" content=\"article\" \/>\n<meta property=\"og:title\" content=\"Tratamiento de la ataxia con fisioterapia neurol\u00f3gica en Sant Andreu | Bodhivita\" \/>\n<meta property=\"og:description\" content=\"Los s\u00edntomas de la ataxia suelen tener una evoluci\u00f3n progresiva y pueden aparecer en cualquier etapa de la vida. Conoce c\u00f3mo tratar la ataxia con fisioterapia.\" \/>\n<meta property=\"og:url\" content=\"https:\/\/bodhivita.cat\/es\/ataxia-com-tractar-la-amb-fisioterapia-neurologica\/\" \/>\n<meta property=\"og:site_name\" content=\"Fisioterapeutes i Oste\u00f2pates a Sant Andreu (Barcelona) | Bodhivita\" \/>\n<meta property=\"article:publisher\" content=\"https:\/\/www.facebook.com\/bodhivita\/\" \/>\n<meta property=\"article:published_time\" content=\"2023-02-15T16:18:00+00:00\" \/>\n<meta property=\"article:modified_time\" content=\"2025-12-15T10:25:32+00:00\" \/>\n<meta property=\"og:image\" content=\"https:\/\/bodhivita.cat\/wp-content\/uploads\/2023\/03\/anatomia-generativa-ia-dolor-cerebral-masculino-todo-dolor-articular-scaled.jpg\" \/>\n\t<meta property=\"og:image:width\" content=\"2560\" \/>\n\t<meta property=\"og:image:height\" content=\"1463\" \/>\n\t<meta property=\"og:image:type\" content=\"image\/jpeg\" \/>\n<meta name=\"author\" content=\"Cristina Alonso\" \/>\n<meta name=\"twitter:card\" content=\"summary_large_image\" \/>\n<meta name=\"twitter:label1\" content=\"Escrito por\" \/>\n\t<meta name=\"twitter:data1\" content=\"Cristina Alonso\" \/>\n\t<meta name=\"twitter:label2\" content=\"Tiempo de lectura\" \/>\n\t<meta name=\"twitter:data2\" content=\"3 minutos\" \/>\n<!-- \/ Yoast SEO plugin. -->","yoast_head_json":{"title":"Tratamiento de la ataxia con fisioterapia neurol\u00f3gica en Sant Andreu | Bodhivita","description":"Los s\u00edntomas de la ataxia suelen tener una evoluci\u00f3n progresiva y pueden aparecer en cualquier etapa de la vida. Conoce c\u00f3mo tratar la ataxia con fisioterapia.","robots":{"index":"index","follow":"follow","max-snippet":"max-snippet:-1","max-image-preview":"max-image-preview:large","max-video-preview":"max-video-preview:-1"},"canonical":"https:\/\/bodhivita.cat\/es\/ataxia-com-tractar-la-amb-fisioterapia-neurologica\/","og_locale":"es_ES","og_type":"article","og_title":"Tratamiento de la ataxia con fisioterapia neurol\u00f3gica en Sant Andreu | Bodhivita","og_description":"Los s\u00edntomas de la ataxia suelen tener una evoluci\u00f3n progresiva y pueden aparecer en cualquier etapa de la vida. Conoce c\u00f3mo tratar la ataxia con fisioterapia.","og_url":"https:\/\/bodhivita.cat\/es\/ataxia-com-tractar-la-amb-fisioterapia-neurologica\/","og_site_name":"Fisioterapeutes i Oste\u00f2pates a Sant Andreu (Barcelona) | Bodhivita","article_publisher":"https:\/\/www.facebook.com\/bodhivita\/","article_published_time":"2023-02-15T16:18:00+00:00","article_modified_time":"2025-12-15T10:25:32+00:00","og_image":[{"width":2560,"height":1463,"url":"https:\/\/bodhivita.cat\/wp-content\/uploads\/2023\/03\/anatomia-generativa-ia-dolor-cerebral-masculino-todo-dolor-articular-scaled.jpg","type":"image\/jpeg"}],"author":"Cristina Alonso","twitter_card":"summary_large_image","twitter_misc":{"Escrito por":"Cristina Alonso","Tiempo de lectura":"3 minutos"},"schema":{"@context":"https:\/\/schema.org","@graph":[{"@type":"Article","@id":"https:\/\/bodhivita.cat\/es\/ataxia-com-tractar-la-amb-fisioterapia-neurologica\/#article","isPartOf":{"@id":"https:\/\/bodhivita.cat\/es\/ataxia-com-tractar-la-amb-fisioterapia-neurologica\/"},"author":{"name":"Cristina Alonso","@id":"https:\/\/bodhivita.cat\/#\/schema\/person\/8bf6d3d73ee247f254ef85660e18c390"},"headline":"Ataxia: s\u00edntomas, causas y tratamiento con fisioterapia neurol\u00f3gica","datePublished":"2023-02-15T16:18:00+00:00","dateModified":"2025-12-15T10:25:32+00:00","mainEntityOfPage":{"@id":"https:\/\/bodhivita.cat\/es\/ataxia-com-tractar-la-amb-fisioterapia-neurologica\/"},"wordCount":609,"commentCount":0,"publisher":{"@id":"https:\/\/bodhivita.cat\/#organization"},"image":{"@id":"https:\/\/bodhivita.cat\/es\/ataxia-com-tractar-la-amb-fisioterapia-neurologica\/#primaryimage"},"thumbnailUrl":"https:\/\/bodhivita.cat\/wp-content\/uploads\/2023\/03\/anatomia-generativa-ia-dolor-cerebral-masculino-todo-dolor-articular-scaled.jpg","keywords":["atax\u00eda","ataxia cerebelosa","ataxia neurologica","atax\u00eda sensorial","ataxia vestibular","causas ataxia","control postural","equilibrio","fisioterapia especializada","fisioterapia neurol\u00f3gica","fisioterapia neurologica san andreo","fisioterapia sant andreu barcelona","marcha","neurolog\u00eda","neurorehabilitaci\u00f3n","rehabilitaci\u00f3n neurol\u00f3gica","rehabilitaci\u00f3n neurol\u00f3gica san andreo","s\u00edntomas ataxia","sistema nervioso central","trastornos de la coordinacion","tratamiento ataxia"],"articleSection":["Fisioterapia"],"inLanguage":"es","potentialAction":[{"@type":"CommentAction","name":"Comment","target":["https:\/\/bodhivita.cat\/es\/ataxia-com-tractar-la-amb-fisioterapia-neurologica\/#respond"]}]},{"@type":"WebPage","@id":"https:\/\/bodhivita.cat\/es\/ataxia-com-tractar-la-amb-fisioterapia-neurologica\/","url":"https:\/\/bodhivita.cat\/es\/ataxia-com-tractar-la-amb-fisioterapia-neurologica\/","name":"Tratamiento de la ataxia con fisioterapia neurol\u00f3gica en Sant Andreu | Bodhivita","isPartOf":{"@id":"https:\/\/bodhivita.cat\/#website"},"primaryImageOfPage":{"@id":"https:\/\/bodhivita.cat\/es\/ataxia-com-tractar-la-amb-fisioterapia-neurologica\/#primaryimage"},"image":{"@id":"https:\/\/bodhivita.cat\/es\/ataxia-com-tractar-la-amb-fisioterapia-neurologica\/#primaryimage"},"thumbnailUrl":"https:\/\/bodhivita.cat\/wp-content\/uploads\/2023\/03\/anatomia-generativa-ia-dolor-cerebral-masculino-todo-dolor-articular-scaled.jpg","datePublished":"2023-02-15T16:18:00+00:00","dateModified":"2025-12-15T10:25:32+00:00","description":"Los s\u00edntomas de la ataxia suelen tener una evoluci\u00f3n progresiva y pueden aparecer en cualquier etapa de la vida. Conoce c\u00f3mo tratar la ataxia con fisioterapia.","breadcrumb":{"@id":"https:\/\/bodhivita.cat\/es\/ataxia-com-tractar-la-amb-fisioterapia-neurologica\/#breadcrumb"},"inLanguage":"es","potentialAction":[{"@type":"ReadAction","target":["https:\/\/bodhivita.cat\/es\/ataxia-com-tractar-la-amb-fisioterapia-neurologica\/"]}]},{"@type":"ImageObject","inLanguage":"es","@id":"https:\/\/bodhivita.cat\/es\/ataxia-com-tractar-la-amb-fisioterapia-neurologica\/#primaryimage","url":"https:\/\/bodhivita.cat\/wp-content\/uploads\/2023\/03\/anatomia-generativa-ia-dolor-cerebral-masculino-todo-dolor-articular-scaled.jpg","contentUrl":"https:\/\/bodhivita.cat\/wp-content\/uploads\/2023\/03\/anatomia-generativa-ia-dolor-cerebral-masculino-todo-dolor-articular-scaled.jpg","width":2560,"height":1463,"caption":"AI Generative, Anatomy of Male Brain Pain with All Joint Pain"},{"@type":"BreadcrumbList","@id":"https:\/\/bodhivita.cat\/es\/ataxia-com-tractar-la-amb-fisioterapia-neurologica\/#breadcrumb","itemListElement":[{"@type":"ListItem","position":1,"name":"Portada","item":"https:\/\/bodhivita.cat\/es\/inici\/"},{"@type":"ListItem","position":2,"name":"Ataxia: s\u00edntomas, causas y tratamiento con fisioterapia neurol\u00f3gica"}]},{"@type":"WebSite","@id":"https:\/\/bodhivita.cat\/#website","url":"https:\/\/bodhivita.cat\/","name":"BODHIVITA, fisioterapeutes, oste\u00f2pates i ter\u00e0pies natuals a Sant Andreu (Barcelona)","description":"Tractaments de fisioter\u00e0pia, osteopatia, acupuntura i nutrici\u00f3 a Sant Andreu (Barcelona). Salut integrativa amb professionals especialitzats.","publisher":{"@id":"https:\/\/bodhivita.cat\/#organization"},"alternateName":"BODHIVITA, fisioterapeutes, oste\u00f2pates i ter\u00e0pies natuals a Sant Andreu (Barcelona)","potentialAction":[{"@type":"SearchAction","target":{"@type":"EntryPoint","urlTemplate":"https:\/\/bodhivita.cat\/?s={search_term_string}"},"query-input":{"@type":"PropertyValueSpecification","valueRequired":true,"valueName":"search_term_string"}}],"inLanguage":"es"},{"@type":"Organization","@id":"https:\/\/bodhivita.cat\/#organization","name":"Fisioter\u00e0pia, osteopatia i ter\u00e0pies naturals a Sant Andreu, Barcelona | BodhiVita","url":"https:\/\/bodhivita.cat\/","logo":{"@type":"ImageObject","inLanguage":"es","@id":"https:\/\/bodhivita.cat\/#\/schema\/logo\/image\/","url":"https:\/\/bodhivita.cat\/wp-content\/uploads\/2019\/06\/cropped-bodhivita-web-1.png","contentUrl":"https:\/\/bodhivita.cat\/wp-content\/uploads\/2019\/06\/cropped-bodhivita-web-1.png","width":512,"height":512,"caption":"Fisioter\u00e0pia, osteopatia i ter\u00e0pies naturals a Sant Andreu, Barcelona | BodhiVita"},"image":{"@id":"https:\/\/bodhivita.cat\/#\/schema\/logo\/image\/"},"sameAs":["https:\/\/www.facebook.com\/bodhivita\/","https:\/\/www.instagram.com\/bodhivita"]},{"@type":"Person","@id":"https:\/\/bodhivita.cat\/#\/schema\/person\/8bf6d3d73ee247f254ef85660e18c390","name":"Cristina Alonso","image":{"@type":"ImageObject","inLanguage":"es","@id":"https:\/\/secure.gravatar.com\/avatar\/91c8358854b9d24f5169171e538118723415c8b74c2be7e6a9d4b16a75426b44?s=96&d=mm&r=g","url":"https:\/\/secure.gravatar.com\/avatar\/91c8358854b9d24f5169171e538118723415c8b74c2be7e6a9d4b16a75426b44?s=96&d=mm&r=g","contentUrl":"https:\/\/secure.gravatar.com\/avatar\/91c8358854b9d24f5169171e538118723415c8b74c2be7e6a9d4b16a75426b44?s=96&d=mm&r=g","caption":"Cristina Alonso"},"description":"Fisioterapia neurol\u00f2gica Bodhivita. Sant Andreu (Barcelona)","sameAs":["http:\/\/bodhivita.cat\/fisioterapia-neurologica"],"url":"https:\/\/bodhivita.cat\/es\/author\/cristina-alonso\/"}]}},"_links":{"self":[{"href":"https:\/\/bodhivita.cat\/es\/wp-json\/wp\/v2\/posts\/2022","targetHints":{"allow":["GET"]}}],"collection":[{"href":"https:\/\/bodhivita.cat\/es\/wp-json\/wp\/v2\/posts"}],"about":[{"href":"https:\/\/bodhivita.cat\/es\/wp-json\/wp\/v2\/types\/post"}],"author":[{"embeddable":true,"href":"https:\/\/bodhivita.cat\/es\/wp-json\/wp\/v2\/users\/9"}],"replies":[{"embeddable":true,"href":"https:\/\/bodhivita.cat\/es\/wp-json\/wp\/v2\/comments?post=2022"}],"version-history":[{"count":7,"href":"https:\/\/bodhivita.cat\/es\/wp-json\/wp\/v2\/posts\/2022\/revisions"}],"predecessor-version":[{"id":3589,"href":"https:\/\/bodhivita.cat\/es\/wp-json\/wp\/v2\/posts\/2022\/revisions\/3589"}],"wp:featuredmedia":[{"embeddable":true,"href":"https:\/\/bodhivita.cat\/es\/wp-json\/wp\/v2\/media\/2019"}],"wp:attachment":[{"href":"https:\/\/bodhivita.cat\/es\/wp-json\/wp\/v2\/media?parent=2022"}],"wp:term":[{"taxonomy":"category","embeddable":true,"href":"https:\/\/bodhivita.cat\/es\/wp-json\/wp\/v2\/categories?post=2022"},{"taxonomy":"post_tag","embeddable":true,"href":"https:\/\/bodhivita.cat\/es\/wp-json\/wp\/v2\/tags?post=2022"}],"curies":[{"name":"wp","href":"https:\/\/api.w.org\/{rel}","templated":true}]}}