{"id":2034,"date":"2023-03-15T09:30:00","date_gmt":"2023-03-15T07:30:00","guid":{"rendered":"https:\/\/bodhivita.cat\/?p=2034"},"modified":"2025-12-15T12:25:32","modified_gmt":"2025-12-15T10:25:32","slug":"traumatisme-cranioencefalic-que-es-i-com-tracta","status":"publish","type":"post","link":"https:\/\/bodhivita.cat\/es\/traumatisme-cranioencefalic-que-es-i-com-tracta\/","title":{"rendered":"Traumatismo craneoencef\u00e1lico: qu\u00e9 es, s\u00edntomas y tratamiento con fisioterapia"},"content":{"rendered":"\n<blockquote class=\"wp-block-quote is-layout-flow wp-block-quote-is-layout-flow\">\n<p><\/p>\n<\/blockquote>\n\n<p>El traumatismo craneoencef\u00e1lico (TCE) es una lesi\u00f3n que puede tener consecuencias graves y duraderas en el cerebro y en la vida de una persona. Estas lesiones pueden ser causadas por un fuerte impacto en la cabeza, como ocurre en un accidente de tr\u00e1fico, una ca\u00edda desde una altura considerable, una agresi\u00f3n, entre otros.<\/p>\n\n<p>En este art\u00edculo hablaremos de los s\u00edntomas comunes en este tipo de traumatismos y c\u00f3mo tratarlos con fisioterapia neurol\u00f3gica.<\/p>\n\n<p>Si t\u00fa o persona cercana ha sufrido un TCE, la rehabilitaci\u00f3n neurol\u00f3gica puede ser clave para la recuperaci\u00f3n.<br\/> \ud83d\udc49 <a href=\"https:\/\/bodhivita.cat\/es\/contacte\/\" target=\"_blank\" rel=\"noreferrer noopener\">Pide informaci\u00f3n a nuestro equipo de fisioterapeutas neurol\u00f3gicos<\/a><\/p>\n\n<h2 class=\"wp-block-heading\">\u00bfC\u00f3mo afecta el cerebro a un traumatismo craneoencef\u00e1lico?<\/h2>\n\n<p>Cuando se produce un traumatismo craneoencef\u00e1lico, la lesi\u00f3n cerebral no se limita a la zona del impacto, sino que tambi\u00e9n puede extenderse al contraataque ya otras \u00e1reas del cerebro, causando da\u00f1os difusos en el tronco del enc\u00e9falo. Esto puede provocar hemorragias, hematomas y edema cerebral, que pueden causar una lesi\u00f3n isqu\u00e9mica secundaria de las estructuras vecinas en los primeros d\u00edas despu\u00e9s del accidente.<\/p>\n\n<p>Es importante tener en cuenta que los TCE pueden ser leves, moderados o graves. Esto depender\u00e1 de la magnitud de la lesi\u00f3n y de la duraci\u00f3n de la p\u00e9rdida de conciencia o coma. En la fase aguda, es necesario proporcionar cuidados intensivos para asegurar la estabilizaci\u00f3n del paciente. En muchos casos, se requiere la intervenci\u00f3n quir\u00fargica para evacuar el hematoma o reducir la presi\u00f3n intracraneal.<\/p>\n\n<h2 class=\"wp-block-heading\">S\u00edntomas habituales despu\u00e9s de un traumatismo craneoencef\u00e1lico<\/h2>\n\n<p>Los s\u00edntomas de los TCE pueden ser muy variados. Suelen presentar una serie de s\u00edntomas sensitivomotores en las cuatro extremidades, tronco y ninguna, como:<\/p>\n\n<ul class=\"wp-block-list\">\n<li>Sensibilidad y tono postural anormal<\/li>\n\n\n\n<li>Trastornos en la degluci\u00f3n<\/li>\n\n\n\n<li>Alteraci\u00f3n en el control esf\u00ednteres<\/li>\n\n\n\n<li>Disartria<\/li>\n\n\n\n<li>Movimientos at\u00e1xicos<\/li>\n\n\n\n<li>Dificultad en la coordinaci\u00f3n temporoespacial, mano-ojos y mano-mano<\/li>\n<\/ul>\n\n<p>Adem\u00e1s, pueden presentar s\u00edntomas neuropsicol\u00f3gicos como:<\/p>\n\n<ul class=\"wp-block-list\">\n<li>Trastornos de la memoria y concentraci\u00f3n<\/li>\n\n\n\n<li>Agnosias y praxis<\/li>\n\n\n\n<li>Alteraci\u00f3n en la orientaci\u00f3n espacial y temporal<\/li>\n\n\n\n<li>Problemas conductuales.  <\/li>\n<\/ul>\n\n<p>Estos s\u00edntomas pueden afectar significativamente a la calidad de vida del paciente y pueden requerir un tratamiento especializado, como la rehabilitaci\u00f3n neuropsicol\u00f3gica.<\/p>\n\n<p>\ud83d\udccc \u00bfReconoces alguno de estos s\u00edntomas en tu entorno? En Bodhivita ofrecemos un acompa\u00f1amiento especializado adaptado a cada caso. <\/p>\n\n<h2 class=\"wp-block-heading\">Tratamiento con fisioterapia neurol\u00f3gica para pacientes con TCE en Bodhivita<\/h2>\n\n<p>La fisioterapia es parte esencial del tratamiento de los TCE y puede ayudar a mejorar la funcionalidad f\u00edsica del paciente y prevenir las complicaciones asociadas. Algunos de los objetivos espec\u00edficos de la fisioterapia incluyen normalizar el tono muscular, desensibilizar o estimular de forma espec\u00edfica para mejorar la receptividad, facilitar actividades y tareas, facilitar el equilibrio y la deambulaci\u00f3n.<\/p>\n\n<p>En la fase de rehabilitaci\u00f3n, el trabajo del fisioterapeuta puede incluir diferentes t\u00e9cnicas y estrategias, como la terapia manual, la estimulaci\u00f3n el\u00e9ctrica, la terapia ocupacional, la terapia del movimiento inducido por restricci\u00f3n, entre otros. Adem\u00e1s, el fisioterapeuta puede ayudar al paciente a realizar ejercicios espec\u00edficos para mejorar la fuerza, equilibrio, coordinaci\u00f3n y flexibilidad. Tambi\u00e9n a realizar actividades de la vida diaria, como vestirse, peinarse, comida, etc.<\/p>\n\n<p>En la fase cr\u00f3nica, la fisioterapia puede ayudar a mejorar la calidad de vida del paciente. Asimismo, es importante tener en cuenta que en algunos casos, las secuelas pueden ser permanentes. En estos casos, el fisioterapeuta debe adaptar el tratamiento a las necesidades y objetivos individuales del paciente. Adem\u00e1s de proporcionar un soporte continuo para mejorar la funcionalidad f\u00edsica y prevenir complicaciones.<\/p>\n\n<p>Recuperarse de un traumatismo craneoencef\u00e1lico es un proceso que requiere apoyo experto y personalizado.<br\/> \ud83d\udcde Agenda hoy tu primera visita con nuestro equipo de fisioterapia neurol\u00f3gica en Sant Andreu.<br\/> \ud83d\udc49 <a href=\"https:\/\/bodhivita.cat\/es\/contacte\/\">Contacta con nosotros<\/a><\/p>\n\n<p><\/p>\n","protected":false},"excerpt":{"rendered":"<p>El traumatismo craneoencef\u00e1lico (TCE) es una lesi\u00f3n que puede tener consecuencias graves y duraderas en el cerebro y en la vida de una persona. Estas lesiones pueden ser causadas por un fuerte impacto en la cabeza, como ocurre en un accidente de tr\u00e1fico, una ca\u00edda desde una altura considerable, una agresi\u00f3n, entre otros. En este [&hellip;]<\/p>\n","protected":false},"author":9,"featured_media":2033,"comment_status":"open","ping_status":"closed","sticky":false,"template":"","format":"standard","meta":{"_monsterinsights_skip_tracking":false,"_monsterinsights_sitenote_active":false,"_monsterinsights_sitenote_note":"","_monsterinsights_sitenote_category":0,"_joinchat":[],"footnotes":""},"categories":[210],"tags":[462,484,485,458,283,464,466,486,457,449,488,278,465,483,456,479,487,480,481,482],"class_list":["post-2034","post","type-post","status-publish","format-standard","has-post-thumbnail","hentry","category-fisioterapia","tag-autonomia-funcional","tag-causas-traumatismo-craneoencefalico","tag-dano-cerebral-adquirido","tag-fisioterapia-especializada","tag-fisioterapia-neurologica","tag-fisioterapia-neurologica-san-andreo","tag-fisioterapia-sant-andreu-barcelona","tag-lesiones-cerebrales","tag-neurologia","tag-neurorehabilitacion","tag-recuperacion-funcional","tag-rehabilitacion-neurologica","tag-rehabilitacion-neurologica-san-andreo","tag-sintomas-traumatismo-craneoencefalico","tag-sistema-nervioso-central","tag-tce","tag-tratamiento-traumatismo-craneoencefalico","tag-traumatismo-craneoencefalico","tag-traumatismo-craneoencefalico-grave","tag-traumatismo-craneoencefalico-leve"],"yoast_head":"<!-- This site is optimized with the Yoast SEO plugin v27.5 - https:\/\/yoast.com\/product\/yoast-seo-wordpress\/ -->\n<title>Traumatismo craneoencef\u00e1lico: qu\u00e9 es, s\u00edntomas y tratamiento | Bodhivita<\/title>\n<meta name=\"description\" content=\"\u00bfHas sufrido un traumatismo craneoencef\u00e1lico o conoces a alguien que lo sufre? Descubre los s\u00edntomas y c\u00f3mo la fisioterapia puede ayudar en la rehabilitaci\u00f3n.\" \/>\n<meta name=\"robots\" content=\"index, follow, max-snippet:-1, max-image-preview:large, max-video-preview:-1\" \/>\n<link rel=\"canonical\" href=\"https:\/\/bodhivita.cat\/es\/traumatisme-cranioencefalic-que-es-i-com\" \/>\n<meta property=\"og:locale\" content=\"es_ES\" \/>\n<meta property=\"og:type\" content=\"article\" \/>\n<meta property=\"og:title\" content=\"Traumatismo craneoencef\u00e1lico: qu\u00e9 es, s\u00edntomas y tratamiento | Bodhivita\" \/>\n<meta property=\"og:description\" content=\"\u00bfHas sufrido un traumatismo craneoencef\u00e1lico o conoces a alguien que lo sufre? Descubre los s\u00edntomas y c\u00f3mo la fisioterapia puede ayudar en la rehabilitaci\u00f3n.\" \/>\n<meta property=\"og:url\" content=\"https:\/\/bodhivita.cat\/es\/traumatisme-cranioencefalic-que-es-i-com\" \/>\n<meta property=\"og:site_name\" content=\"Fisioterapeutes i Oste\u00f2pates a Sant Andreu (Barcelona) | Bodhivita\" \/>\n<meta property=\"article:publisher\" content=\"https:\/\/www.facebook.com\/bodhivita\/\" \/>\n<meta property=\"article:published_time\" content=\"2023-03-15T07:30:00+00:00\" \/>\n<meta property=\"article:modified_time\" content=\"2025-12-15T10:25:32+00:00\" \/>\n<meta property=\"og:image\" content=\"https:\/\/bodhivita.cat\/wp-content\/uploads\/2023\/03\/hombre-que-sostiene-calavera-blanca-frente-cara-vacaciones-halloween-scaled.jpg\" \/>\n\t<meta property=\"og:image:width\" content=\"2560\" \/>\n\t<meta property=\"og:image:height\" content=\"1708\" \/>\n\t<meta property=\"og:image:type\" content=\"image\/jpeg\" \/>\n<meta name=\"author\" content=\"Cristina Alonso\" \/>\n<meta name=\"twitter:card\" content=\"summary_large_image\" \/>\n<meta name=\"twitter:label1\" content=\"Escrito por\" \/>\n\t<meta name=\"twitter:data1\" content=\"Cristina Alonso\" \/>\n\t<meta name=\"twitter:label2\" content=\"Tiempo de lectura\" \/>\n\t<meta name=\"twitter:data2\" content=\"3 minutos\" \/>\n<!-- \/ Yoast SEO plugin. -->","yoast_head_json":{"title":"Traumatismo craneoencef\u00e1lico: qu\u00e9 es, s\u00edntomas y tratamiento | Bodhivita","description":"\u00bfHas sufrido un traumatismo craneoencef\u00e1lico o conoces a alguien que lo sufre? Descubre los s\u00edntomas y c\u00f3mo la fisioterapia puede ayudar en la rehabilitaci\u00f3n.","robots":{"index":"index","follow":"follow","max-snippet":"max-snippet:-1","max-image-preview":"max-image-preview:large","max-video-preview":"max-video-preview:-1"},"canonical":"https:\/\/bodhivita.cat\/es\/traumatisme-cranioencefalic-que-es-i-com","og_locale":"es_ES","og_type":"article","og_title":"Traumatismo craneoencef\u00e1lico: qu\u00e9 es, s\u00edntomas y tratamiento | Bodhivita","og_description":"\u00bfHas sufrido un traumatismo craneoencef\u00e1lico o conoces a alguien que lo sufre? Descubre los s\u00edntomas y c\u00f3mo la fisioterapia puede ayudar en la rehabilitaci\u00f3n.","og_url":"https:\/\/bodhivita.cat\/es\/traumatisme-cranioencefalic-que-es-i-com","og_site_name":"Fisioterapeutes i Oste\u00f2pates a Sant Andreu (Barcelona) | Bodhivita","article_publisher":"https:\/\/www.facebook.com\/bodhivita\/","article_published_time":"2023-03-15T07:30:00+00:00","article_modified_time":"2025-12-15T10:25:32+00:00","og_image":[{"width":2560,"height":1708,"url":"https:\/\/bodhivita.cat\/wp-content\/uploads\/2023\/03\/hombre-que-sostiene-calavera-blanca-frente-cara-vacaciones-halloween-scaled.jpg","type":"image\/jpeg"}],"author":"Cristina Alonso","twitter_card":"summary_large_image","twitter_misc":{"Escrito por":"Cristina Alonso","Tiempo de lectura":"3 minutos"},"schema":{"@context":"https:\/\/schema.org","@graph":[{"@type":"Article","@id":"https:\/\/bodhivita.cat\/es\/traumatisme-cranioencefalic-que-es-i-com#article","isPartOf":{"@id":"https:\/\/bodhivita.cat\/es\/traumatisme-cranioencefalic-que-es-i-com-tracta\/"},"author":{"name":"Cristina Alonso","@id":"https:\/\/bodhivita.cat\/#\/schema\/person\/8bf6d3d73ee247f254ef85660e18c390"},"headline":"Traumatismo craneoencef\u00e1lico: qu\u00e9 es, s\u00edntomas y tratamiento con fisioterapia","datePublished":"2023-03-15T07:30:00+00:00","dateModified":"2025-12-15T10:25:32+00:00","mainEntityOfPage":{"@id":"https:\/\/bodhivita.cat\/es\/traumatisme-cranioencefalic-que-es-i-com-tracta\/"},"wordCount":664,"commentCount":0,"publisher":{"@id":"https:\/\/bodhivita.cat\/#organization"},"image":{"@id":"https:\/\/bodhivita.cat\/es\/traumatisme-cranioencefalic-que-es-i-com#primaryimage"},"thumbnailUrl":"https:\/\/bodhivita.cat\/wp-content\/uploads\/2023\/03\/hombre-que-sostiene-calavera-blanca-frente-cara-vacaciones-halloween-scaled.jpg","keywords":["autonom\u00eda funcional","causas traumatismo craneoencef\u00e1lico","da\u00f1o cerebral adquirido","fisioterapia especializada","fisioterapia neurol\u00f3gica","fisioterapia neurologica san andreo","fisioterapia sant andreu barcelona","lesiones cerebrales","neurolog\u00eda","neurorehabilitaci\u00f3n","recuperaci\u00f3n funcional","rehabilitaci\u00f3n neurol\u00f3gica","rehabilitaci\u00f3n neurol\u00f3gica san andreo","s\u00edntomas traumatismo craneoencef\u00e1lico","sistema nervioso central","tce","tratamiento traumatismo craneoencef\u00e1lico","traumatismo craneoencef\u00e1lico","traumatismo craneoencef\u00e1lico grave","traumatismo craneoencef\u00e1lico leve"],"articleSection":["Fisioterapia"],"inLanguage":"es","potentialAction":[{"@type":"CommentAction","name":"Comment","target":["https:\/\/bodhivita.cat\/es\/traumatisme-cranioencefalic-que-es-i-com#respond"]}]},{"@type":"WebPage","@id":"https:\/\/bodhivita.cat\/es\/traumatisme-cranioencefalic-que-es-i-com-tracta\/","url":"https:\/\/bodhivita.cat\/es\/traumatisme-cranioencefalic-que-es-i-com","name":"Traumatismo craneoencef\u00e1lico: qu\u00e9 es, s\u00edntomas y tratamiento | Bodhivita","isPartOf":{"@id":"https:\/\/bodhivita.cat\/#website"},"primaryImageOfPage":{"@id":"https:\/\/bodhivita.cat\/es\/traumatisme-cranioencefalic-que-es-i-com#primaryimage"},"image":{"@id":"https:\/\/bodhivita.cat\/es\/traumatisme-cranioencefalic-que-es-i-com#primaryimage"},"thumbnailUrl":"https:\/\/bodhivita.cat\/wp-content\/uploads\/2023\/03\/hombre-que-sostiene-calavera-blanca-frente-cara-vacaciones-halloween-scaled.jpg","datePublished":"2023-03-15T07:30:00+00:00","dateModified":"2025-12-15T10:25:32+00:00","description":"\u00bfHas sufrido un traumatismo craneoencef\u00e1lico o conoces a alguien que lo sufre? Descubre los s\u00edntomas y c\u00f3mo la fisioterapia puede ayudar en la rehabilitaci\u00f3n.","breadcrumb":{"@id":"https:\/\/bodhivita.cat\/es\/traumatisme-cranioencefalic-que-es-i-com#breadcrumb"},"inLanguage":"es","potentialAction":[{"@type":"ReadAction","target":["https:\/\/bodhivita.cat\/es\/traumatisme-cranioencefalic-que-es-i-com"]}]},{"@type":"ImageObject","inLanguage":"es","@id":"https:\/\/bodhivita.cat\/es\/traumatisme-cranioencefalic-que-es-i-com#primaryimage","url":"https:\/\/bodhivita.cat\/wp-content\/uploads\/2023\/03\/hombre-que-sostiene-calavera-blanca-frente-cara-vacaciones-halloween-scaled.jpg","contentUrl":"https:\/\/bodhivita.cat\/wp-content\/uploads\/2023\/03\/hombre-que-sostiene-calavera-blanca-frente-cara-vacaciones-halloween-scaled.jpg","width":2560,"height":1708,"caption":"man holding a white skull in front of face on halloween holidays"},{"@type":"BreadcrumbList","@id":"https:\/\/bodhivita.cat\/es\/traumatisme-cranioencefalic-que-es-i-com#breadcrumb","itemListElement":[{"@type":"ListItem","position":1,"name":"Portada","item":"https:\/\/bodhivita.cat\/es\/inici\/"},{"@type":"ListItem","position":2,"name":"Traumatismo craneoencef\u00e1lico: qu\u00e9 es, s\u00edntomas y tratamiento con fisioterapia"}]},{"@type":"WebSite","@id":"https:\/\/bodhivita.cat\/#website","url":"https:\/\/bodhivita.cat\/","name":"BODHIVITA, fisioterapeutes, oste\u00f2pates i ter\u00e0pies natuals a Sant Andreu (Barcelona)","description":"Tractaments de fisioter\u00e0pia, osteopatia, acupuntura i nutrici\u00f3 a Sant Andreu (Barcelona). Salut integrativa amb professionals especialitzats.","publisher":{"@id":"https:\/\/bodhivita.cat\/#organization"},"alternateName":"BODHIVITA, fisioterapeutes, oste\u00f2pates i ter\u00e0pies natuals a Sant Andreu (Barcelona)","potentialAction":[{"@type":"SearchAction","target":{"@type":"EntryPoint","urlTemplate":"https:\/\/bodhivita.cat\/?s={search_term_string}"},"query-input":{"@type":"PropertyValueSpecification","valueRequired":true,"valueName":"search_term_string"}}],"inLanguage":"es"},{"@type":"Organization","@id":"https:\/\/bodhivita.cat\/#organization","name":"Fisioter\u00e0pia, osteopatia i ter\u00e0pies naturals a Sant Andreu, Barcelona | BodhiVita","url":"https:\/\/bodhivita.cat\/","logo":{"@type":"ImageObject","inLanguage":"es","@id":"https:\/\/bodhivita.cat\/#\/schema\/logo\/image\/","url":"https:\/\/bodhivita.cat\/wp-content\/uploads\/2019\/06\/cropped-bodhivita-web-1.png","contentUrl":"https:\/\/bodhivita.cat\/wp-content\/uploads\/2019\/06\/cropped-bodhivita-web-1.png","width":512,"height":512,"caption":"Fisioter\u00e0pia, osteopatia i ter\u00e0pies naturals a Sant Andreu, Barcelona | BodhiVita"},"image":{"@id":"https:\/\/bodhivita.cat\/#\/schema\/logo\/image\/"},"sameAs":["https:\/\/www.facebook.com\/bodhivita\/","https:\/\/www.instagram.com\/bodhivita"]},{"@type":"Person","@id":"https:\/\/bodhivita.cat\/#\/schema\/person\/8bf6d3d73ee247f254ef85660e18c390","name":"Cristina Alonso","image":{"@type":"ImageObject","inLanguage":"es","@id":"https:\/\/secure.gravatar.com\/avatar\/91c8358854b9d24f5169171e538118723415c8b74c2be7e6a9d4b16a75426b44?s=96&d=mm&r=g","url":"https:\/\/secure.gravatar.com\/avatar\/91c8358854b9d24f5169171e538118723415c8b74c2be7e6a9d4b16a75426b44?s=96&d=mm&r=g","contentUrl":"https:\/\/secure.gravatar.com\/avatar\/91c8358854b9d24f5169171e538118723415c8b74c2be7e6a9d4b16a75426b44?s=96&d=mm&r=g","caption":"Cristina Alonso"},"description":"Fisioterapia neurol\u00f2gica Bodhivita. Sant Andreu (Barcelona)","sameAs":["http:\/\/bodhivita.cat\/fisioterapia-neurologica"],"url":"https:\/\/bodhivita.cat\/es\/author\/cristina-alonso\/"}]}},"_links":{"self":[{"href":"https:\/\/bodhivita.cat\/es\/wp-json\/wp\/v2\/posts\/2034","targetHints":{"allow":["GET"]}}],"collection":[{"href":"https:\/\/bodhivita.cat\/es\/wp-json\/wp\/v2\/posts"}],"about":[{"href":"https:\/\/bodhivita.cat\/es\/wp-json\/wp\/v2\/types\/post"}],"author":[{"embeddable":true,"href":"https:\/\/bodhivita.cat\/es\/wp-json\/wp\/v2\/users\/9"}],"replies":[{"embeddable":true,"href":"https:\/\/bodhivita.cat\/es\/wp-json\/wp\/v2\/comments?post=2034"}],"version-history":[{"count":6,"href":"https:\/\/bodhivita.cat\/es\/wp-json\/wp\/v2\/posts\/2034\/revisions"}],"predecessor-version":[{"id":3578,"href":"https:\/\/bodhivita.cat\/es\/wp-json\/wp\/v2\/posts\/2034\/revisions\/3578"}],"wp:featuredmedia":[{"embeddable":true,"href":"https:\/\/bodhivita.cat\/es\/wp-json\/wp\/v2\/media\/2033"}],"wp:attachment":[{"href":"https:\/\/bodhivita.cat\/es\/wp-json\/wp\/v2\/media?parent=2034"}],"wp:term":[{"taxonomy":"category","embeddable":true,"href":"https:\/\/bodhivita.cat\/es\/wp-json\/wp\/v2\/categories?post=2034"},{"taxonomy":"post_tag","embeddable":true,"href":"https:\/\/bodhivita.cat\/es\/wp-json\/wp\/v2\/tags?post=2034"}],"curies":[{"name":"wp","href":"https:\/\/api.w.org\/{rel}","templated":true}]}}